{"id":942,"date":"2021-08-09T10:45:17","date_gmt":"2021-08-09T10:45:17","guid":{"rendered":"https:\/\/www.regeplus.be\/effect-of-ungulates-on-seedling-height-growth-for-common-forest-species-in-wallonia\/"},"modified":"2022-01-13T15:16:47","modified_gmt":"2022-01-13T15:16:47","slug":"effect-of-ungulates-on-seedling-height-growth-for-common-forest-species-in-wallonia","status":"publish","type":"post","link":"https:\/\/www.regeplus.be\/fr\/effect-of-ungulates-on-seedling-height-growth-for-common-forest-species-in-wallonia\/","title":{"rendered":"Effet des ongul\u00e9s sur la croissance en hauteur des semis des principales esp\u00e8ces foresti\u00e8res wallonnes"},"content":{"rendered":"<div class=\"wpb-content-wrapper\" id=\"wpb-content-root\"><p>[vc_row][vc_column][vc_empty_space height=\u00a0\u00bb50px\u00a0\u00bb][\/vc_column][\/vc_row][vc_row el_class=\u00a0\u00bbpt-2&Prime;][vc_column][vc_custom_heading text=\u00a0\u00bbEffet des ongul\u00e9s sur la croissance en hauteur des semis des principales esp\u00e8ces foresti\u00e8res wallonnes\u00a0\u00bb use_theme_fonts=\u00a0\u00bbyes\u00a0\u00bb el_class=\u00a0\u00bbmb-0&Prime;][vc_separator color=\u00a0\u00bbcustom\u00a0\u00bb el_class=\u00a0\u00bbpt-1&Prime; accent_color=\u00a0\u00bb#689d46&Prime;][\/vc_column][\/vc_row][vc_row][vc_column width=\u00a0\u00bb1\/2&Prime;][vc_single_image image=\u00a0\u00bb3473&Prime; img_size=\u00a0\u00bbfull\u00a0\u00bb][\/vc_column][vc_column width=\u00a0\u00bb1\/2&Prime;][vc_column_text el_class=\u00a0\u00bbmb-0&Prime;]Le graphe ci-contre pr\u00e9sente, pour les principales esp\u00e8ces foresti\u00e8res wallonnes, l\u2019\u00e9volution des hauteurs moyennes des semis mesur\u00e9es au sein des unit\u00e9s d\u2019\u00e9chantillonnage du r\u00e9seau enclos-exclos wallon. Les hauteurs initiales mesur\u00e9es \u00e0 l\u2019installation du dispositif sont repr\u00e9sent\u00e9es par les traits pointill\u00e9s horizontaux tandis que les hauteurs finales mesur\u00e9es apr\u00e8s quatre ann\u00e9es de croissance dans les enclos et les exclos sont respectivement symbolis\u00e9es par les sch\u00e9mas verts et rouges. Ces r\u00e9sultats indiquent que les ongul\u00e9s modifient les avantages comp\u00e9titifs des semis. Le h\u00eatre (<em>Fagus sylvatica<\/em>) et l&rsquo;\u00e9pic\u00e9a (<em>Picea abies<\/em>) sont les esp\u00e8ces les plus fr\u00e9quemment observ\u00e9es. La croissance de l&rsquo;\u00e9pic\u00e9a n&rsquo;a pas \u00e9t\u00e9 affect\u00e9e par les ongul\u00e9s et la croissance du h\u00eatre a \u00e9t\u00e9 r\u00e9duite de 32 %. La croissance du charme (<em>Carpinus Betulus<\/em>), du bouleau (<em>Betula<\/em> spp.), du sorbier des oiseleurs (<em>Sorbus aucuparia<\/em>) et du ch\u00eane (<em>Quercus<\/em> spp.) a \u00e9t\u00e9 proportionnellement la plus r\u00e9duite par les ongul\u00e9s (de 50% \u00e0 100%). La probabilit\u00e9 de survie est li\u00e9e \u00e0 la hauteur et \u00e0 la vitesse de croissance des semis. Les ongul\u00e9s affectent fortement la croissance des principales esp\u00e8ces pr\u00e9sentes en Wallonie. La croissance de l&rsquo;\u00e9pic\u00e9a et du h\u00eatre qui sont les essences les plus fr\u00e9quentes, et aussi climaciques, est mod\u00e9r\u00e9ment r\u00e9duite. En revanche, la croissance est drastiquement restreinte pour les essences moins fr\u00e9quentes comme le sorbier des oiseleurs et le bouleau, ainsi que pour le ch\u00eane, essence \u00e0 d\u00e9ficit chronique de r\u00e9g\u00e9n\u00e9ration. En cons\u00e9quence, les ongul\u00e9s engendrent des difficult\u00e9s importantes pour la diversification des for\u00eats.[\/vc_column_text][vc_toggle title=\u00a0\u00bbVoir les commentaires\u00a0\u00bb style=\u00a0\u00bbsimple\u00a0\u00bb custom_font_container=\u00a0\u00bbtag:p|text_align:left\u00a0\u00bb custom_use_theme_fonts=\u00a0\u00bbyes\u00a0\u00bb use_custom_heading=\u00a0\u00bbtrue\u00a0\u00bb el_class=\u00a0\u00bbpt-1&Prime; custom_el_class=\u00a0\u00bbfont-weight-bold\u00a0\u00bb]Pas encore de commentaire[\/vc_toggle][vc_toggle title=\u00a0\u00bbAjouter des commentaires\u00a0\u00bb style=\u00a0\u00bbsimple\u00a0\u00bb custom_font_container=\u00a0\u00bbtag:p|text_align:left\u00a0\u00bb custom_use_theme_fonts=\u00a0\u00bbyes\u00a0\u00bb use_custom_heading=\u00a0\u00bbtrue\u00a0\u00bb el_class=\u00a0\u00bbpt-1&Prime; custom_el_class=\u00a0\u00bbfont-weight-bold\u00a0\u00bb]<script>\nvar gform;gform||(document.addEventListener(\"gform_main_scripts_loaded\",function(){gform.scriptsLoaded=!0}),document.addEventListener(\"gform\/theme\/scripts_loaded\",function(){gform.themeScriptsLoaded=!0}),window.addEventListener(\"DOMContentLoaded\",function(){gform.domLoaded=!0}),gform={domLoaded:!1,scriptsLoaded:!1,themeScriptsLoaded:!1,isFormEditor:()=>\"function\"==typeof InitializeEditor,callIfLoaded:function(o){return!(!gform.domLoaded||!gform.scriptsLoaded||!gform.themeScriptsLoaded&&!gform.isFormEditor()||(gform.isFormEditor()&&console.warn(\"The use of gform.initializeOnLoaded() is deprecated in the form editor context and will be removed in Gravity Forms 3.1.\"),o(),0))},initializeOnLoaded:function(o){gform.callIfLoaded(o)||(document.addEventListener(\"gform_main_scripts_loaded\",()=>{gform.scriptsLoaded=!0,gform.callIfLoaded(o)}),document.addEventListener(\"gform\/theme\/scripts_loaded\",()=>{gform.themeScriptsLoaded=!0,gform.callIfLoaded(o)}),window.addEventListener(\"DOMContentLoaded\",()=>{gform.domLoaded=!0,gform.callIfLoaded(o)}))},hooks:{action:{},filter:{}},addAction:function(o,r,e,t){gform.addHook(\"action\",o,r,e,t)},addFilter:function(o,r,e,t){gform.addHook(\"filter\",o,r,e,t)},doAction:function(o){gform.doHook(\"action\",o,arguments)},applyFilters:function(o){return gform.doHook(\"filter\",o,arguments)},removeAction:function(o,r){gform.removeHook(\"action\",o,r)},removeFilter:function(o,r,e){gform.removeHook(\"filter\",o,r,e)},addHook:function(o,r,e,t,n){null==gform.hooks[o][r]&&(gform.hooks[o][r]=[]);var d=gform.hooks[o][r];null==n&&(n=r+\"_\"+d.length),gform.hooks[o][r].push({tag:n,callable:e,priority:t=null==t?10:t})},doHook:function(r,o,e){var t;if(e=Array.prototype.slice.call(e,1),null!=gform.hooks[r][o]&&((o=gform.hooks[r][o]).sort(function(o,r){return o.priority-r.priority}),o.forEach(function(o){\"function\"!=typeof(t=o.callable)&&(t=window[t]),\"action\"==r?t.apply(null,e):e[0]=t.apply(null,e)})),\"filter\"==r)return e[0]},removeHook:function(o,r,t,n){var e;null!=gform.hooks[o][r]&&(e=(e=gform.hooks[o][r]).filter(function(o,r,e){return!!(null!=n&&n!=o.tag||null!=t&&t!=o.priority)}),gform.hooks[o][r]=e)}});\n<\/script>\n\n                <div class='gf_browser_gecko gform_wrapper gform_legacy_markup_wrapper gform-theme--no-framework' data-form-theme='legacy' data-form-index='0' id='gform_wrapper_33' ><div id='gf_33' class='gform_anchor' tabindex='-1'><\/div>\n                        <div class='gform_heading'>\n                            <p class='gform_description'><\/p>\n                        <\/div><form method='post' enctype='multipart\/form-data'  id='gform_33'  action='\/fr\/wp-json\/wp\/v2\/posts\/942#gf_33' data-formid='33' novalidate>\n                        <div class='gform-body gform_body'><ul id='gform_fields_33' class='gform_fields top_label form_sublabel_below description_below validation_below'><li id=\"field_33_10\" class=\"gfield gfield--type-honeypot gform_validation_container field_sublabel_below gfield--has-description field_description_below field_validation_below gfield_visibility_visible form-group\"><label class='gfield_label gform-field-label' for='input_33_10'><span class='gform-field-label__text'>Facebook<\/span><\/label><div class='ginput_container'><input name='input_10' id='input_33_10' type='text' value='' autocomplete='new-password'\/><\/div><div class='gfield_description' id='gfield_description_33_10'>Ce champ n\u2019est utilis\u00e9 qu\u2019\u00e0 des fins de validation et devrait rester inchang\u00e9.<\/div><\/li><li id=\"field_33_2\" class=\"gfield gfield--type-text gfield--width-half gfield_contains_required field_sublabel_below gfield--no-description field_description_below field_validation_below gfield_visibility_visible form-group\"><label class='gfield_label gform-field-label' for='input_33_2'><span class='gform-field-label__text'>Pr\u00e9nom<\/span><span class=\"gfield_required\"><span class=\"gfield_required gfield_required_asterisk\">*<\/span><\/span><\/label><div class='ginput_container ginput_container_text'><input name='input_2' id='input_33_2' type='text' value='' class='large'     aria-required=\"true\" aria-invalid=\"false\"   \/><\/div><\/li><li id=\"field_33_3\" class=\"gfield gfield--type-text gfield--width-half gfield_contains_required field_sublabel_below gfield--no-description field_description_below field_validation_below gfield_visibility_visible form-group\"><label class='gfield_label gform-field-label' for='input_33_3'><span class='gform-field-label__text'>Nom<\/span><span class=\"gfield_required\"><span class=\"gfield_required gfield_required_asterisk\">*<\/span><\/span><\/label><div class='ginput_container ginput_container_text'><input name='input_3' id='input_33_3' type='text' value='' class='large'     aria-required=\"true\" aria-invalid=\"false\"   \/><\/div><\/li><li id=\"field_33_7\" class=\"gfield gfield--type-hidden gfield--width-full gform_hidden field_sublabel_below gfield--no-description field_description_below field_validation_below gfield_visibility_visible form-group\"><div class='ginput_container ginput_container_text'><input name='input_7' id='input_33_7' type='hidden' class='gform_hidden'  aria-invalid=\"false\" value='' \/><\/div><\/li><li id=\"field_33_8\" class=\"gfield gfield--type-hidden gfield--width-full gform_hidden field_sublabel_below gfield--no-description field_description_below field_validation_below gfield_visibility_visible form-group\"><div class='ginput_container ginput_container_text'><input name='input_8' id='input_33_8' type='hidden' class='gform_hidden'  aria-invalid=\"false\" value='https:\/\/www.regeplus.be\/fr\/wp-json\/wp\/v2\/posts\/942' \/><\/div><\/li><li id=\"field_33_4\" class=\"gfield gfield--type-text gfield--width-full gfield_contains_required field_sublabel_below gfield--no-description field_description_below field_validation_below gfield_visibility_visible form-group\"><label class='gfield_label gform-field-label' for='input_33_4'><span class='gform-field-label__text'>Sujet<\/span><span class=\"gfield_required\"><span class=\"gfield_required gfield_required_asterisk\">*<\/span><\/span><\/label><div class='ginput_container ginput_container_text'><input name='input_4' id='input_33_4' type='text' value='' class='large'     aria-required=\"true\" aria-invalid=\"false\"   \/><\/div><\/li><li id=\"field_33_5\" class=\"gfield gfield--type-textarea gfield--width-full gfield_contains_required field_sublabel_below gfield--no-description field_description_below field_validation_below gfield_visibility_visible form-group\"><label class='gfield_label gform-field-label' for='input_33_5'><span class='gform-field-label__text'>Commentaire<\/span><span class=\"gfield_required\"><span class=\"gfield_required gfield_required_asterisk\">*<\/span><\/span><\/label><div class='ginput_container ginput_container_textarea'><textarea name='input_5' id='input_33_5' class='textarea large'     aria-required=\"true\" aria-invalid=\"false\"   rows='10' cols='50'><\/textarea><\/div><\/li><li id=\"field_33_9\" class=\"gfield gfield--type-html gfield--width-full gfield_html gfield_html_formatted gfield_no_follows_desc field_sublabel_below gfield--no-description field_description_below field_validation_below gfield_visibility_visible form-group\"><small>En cliquant sur \"Envoyer\", j'accuse r\u00e9ception de la <a href=\"\/fr\/politique-de-confidentialite\/\" target=\"_blank\">politique de confidentialit\u00e9<\/a>.<\/small><\/li><\/ul><\/div>\n        <div class='gform-footer gform_footer top_label'> <button type='submit' id='gform_submit_button_33' class='gform_button button' onclick='gform.submission.handleButtonClick(this);' data-submission-type='submit' >Envoyer<\/button> \n            <input type='hidden' class='gform_hidden' name='gform_submission_method' data-js='gform_submission_method_33' value='postback' \/>\n            <input type='hidden' class='gform_hidden' name='gform_theme' data-js='gform_theme_33' id='gform_theme_33' value='legacy' \/>\n            <input type='hidden' class='gform_hidden' name='gform_style_settings' data-js='gform_style_settings_33' id='gform_style_settings_33' value='[]' \/>\n            <input type='hidden' class='gform_hidden' name='is_submit_33' value='1' \/>\n            <input type='hidden' class='gform_hidden' name='gform_submit' value='33' \/>\n            \n            <input type='hidden' class='gform_hidden' name='gform_currency' data-currency='EUR' value='E26IzKoYQqCTYI6gi3pkBnw9BF38wxzfTZbrtgURHSPzBGsxXUlVQa6A6zLWCYUjrpzXKCtxVx8Tos5VAd8zma+8xO0rj4J2ELa18uIMdVuPNrY=' \/>\n            <input type='hidden' class='gform_hidden' name='gform_unique_id' value='' \/>\n            <input type='hidden' class='gform_hidden' name='state_33' value='WyJ7XCJnZm9ybV9zdWJtaXNzaW9uX21ldGhvZFwiOltcImI5MDZiN2Q0MTJhYWY2YmVmZWZkM2YzM2YxMzRkYWVmXCIsXCIxZjA0ZGVjMzRiZWI5Mzg3ZDNlODZlMmVjNmM2MjgzMFwiXSxcImdmb3JtX3RoZW1lXCI6XCI3N2I4NzNmY2E1OThjNDc0MTFmMDMzYTAyMmEwYzMyY1wiLFwiZ2Zvcm1fc3R5bGVfc2V0dGluZ3NcIjpcIjliMjY5ZmY3YmIwOWRjMTFkYmZkZGM0ZDNjZDZhZWM1XCIsXCJmb3JtX2lkXCI6XCI2NjMyMzBmNTVkN2NjNTgyNWI5Yzk4NDM3MTNlZWQ5M1wiLFwidXJsXCI6XCJjMTlhYTVkNjI5M2JlOWU0NTJiMzZkZjJkMjZiNDRkZVwiLFwic3RhdGVfdGltZXN0YW1wXCI6XCI4MDNmNDQ2MGQ1NmYzY2YwYzdiZmE0OTJiZmIwMWRhZFwifSIsImNiNWI4NmIxYjU1NDQ1ZGVjN2MzYTg2NDFhMWZhMjE1IiwxNzg4NDUwNjg4XQ==' \/>\n            <input type='hidden' autocomplete='off' class='gform_hidden' name='gform_target_page_number_33' id='gform_target_page_number_33' value='0' \/>\n            <input type='hidden' autocomplete='off' class='gform_hidden' name='gform_source_page_number_33' id='gform_source_page_number_33' value='1' \/>\n            <input type='hidden' name='gform_field_values' value='' \/>\n            \n        <\/div>\n                        <\/form>\n                        <\/div>[\/vc_toggle][\/vc_column][\/vc_row][vc_row][vc_column][vc_empty_space height=\u00a0\u00bb50px\u00a0\u00bb][\/vc_column][\/vc_row]<\/p>\n<\/div>","protected":false},"excerpt":{"rendered":"<p>[vc_row][vc_column][vc_empty_space height=\u00a0\u00bb50px\u00a0\u00bb][\/vc_column][\/vc_row][vc_row el_class=\u00a0\u00bbpt-2&Prime;][vc_column][vc_custom_heading text=\u00a0\u00bbEffet des ongul\u00e9s sur la croissance en hauteur des semis des principales esp\u00e8ces foresti\u00e8res wallonnes\u00a0\u00bb use_theme_fonts=\u00a0\u00bbyes\u00a0\u00bb el_class=\u00a0\u00bbmb-0&Prime;][vc_separator color=\u00a0\u00bbcustom\u00a0\u00bb el_class=\u00a0\u00bbpt-1&Prime; accent_color=\u00a0\u00bb#689d46&Prime;][\/vc_column][\/vc_row][vc_row][vc_column width=\u00a0\u00bb1\/2&Prime;][vc_single_image image=\u00a0\u00bb3473&Prime; img_size=\u00a0\u00bbfull\u00a0\u00bb][\/vc_column][vc_column width=\u00a0\u00bb1\/2&Prime;][vc_column_text el_class=\u00a0\u00bbmb-0&Prime;]Le graphe ci-contre pr\u00e9sente, pour les principales esp\u00e8ces foresti\u00e8res wallonnes, l\u2019\u00e9volution des hauteurs moyennes des semis mesur\u00e9es au sein des unit\u00e9s d\u2019\u00e9chantillonnage du r\u00e9seau enclos-exclos wallon. Les hauteurs [&hellip;]<\/p>\n","protected":false},"author":1,"featured_media":808,"comment_status":"closed","ping_status":"closed","sticky":false,"template":"","format":"standard","meta":{"footnotes":""},"categories":[6],"tags":[],"class_list":["post-942","post","type-post","status-publish","format-standard","has-post-thumbnail","hentry","category-blog"],"yoast_head":"<!-- This site is optimized with the Yoast SEO plugin v28.4 - https:\/\/yoast.com\/product\/yoast-seo-wordpress\/ -->\n<title>Effet des ongul\u00e9s sur la croissance en hauteur des semis des principales esp\u00e8ces foresti\u00e8res wallonnes | REGE+<\/title>\n<meta name=\"robots\" content=\"index, follow, max-snippet:-1, max-image-preview:large, max-video-preview:-1\" \/>\n<link rel=\"canonical\" href=\"https:\/\/www.regeplus.be\/fr\/effect-of-ungulates-on-seedling-height-growth-for-common-forest-species-in-wallonia\/\" \/>\n<meta property=\"og:locale\" content=\"fr_FR\" \/>\n<meta property=\"og:type\" content=\"article\" \/>\n<meta property=\"og:title\" content=\"Effet des ongul\u00e9s sur la croissance en hauteur des semis des principales esp\u00e8ces foresti\u00e8res wallonnes | REGE+\" \/>\n<meta property=\"og:description\" content=\"[vc_row][vc_column][vc_empty_space height=\u00a0\u00bb50px\u00a0\u00bb][\/vc_column][\/vc_row][vc_row el_class=\u00a0\u00bbpt-2&Prime;][vc_column][vc_custom_heading text=\u00a0\u00bbEffet des ongul\u00e9s sur la croissance en hauteur des semis des principales esp\u00e8ces foresti\u00e8res wallonnes\u00a0\u00bb use_theme_fonts=\u00a0\u00bbyes\u00a0\u00bb el_class=\u00a0\u00bbmb-0&Prime;][vc_separator color=\u00a0\u00bbcustom\u00a0\u00bb el_class=\u00a0\u00bbpt-1&Prime; accent_color=\u00a0\u00bb#689d46&Prime;][\/vc_column][\/vc_row][vc_row][vc_column width=\u00a0\u00bb1\/2&Prime;][vc_single_image image=\u00a0\u00bb3473&Prime; img_size=\u00a0\u00bbfull\u00a0\u00bb][\/vc_column][vc_column width=\u00a0\u00bb1\/2&Prime;][vc_column_text el_class=\u00a0\u00bbmb-0&Prime;]Le graphe ci-contre pr\u00e9sente, pour les principales esp\u00e8ces foresti\u00e8res wallonnes, l\u2019\u00e9volution des hauteurs moyennes des semis mesur\u00e9es au sein des unit\u00e9s d\u2019\u00e9chantillonnage du r\u00e9seau enclos-exclos wallon. Les hauteurs [&hellip;]\" \/>\n<meta property=\"og:url\" content=\"https:\/\/www.regeplus.be\/fr\/effect-of-ungulates-on-seedling-height-growth-for-common-forest-species-in-wallonia\/\" \/>\n<meta property=\"og:site_name\" content=\"REGE+\" \/>\n<meta property=\"article:published_time\" content=\"2021-08-09T10:45:17+00:00\" \/>\n<meta property=\"article:modified_time\" content=\"2022-01-13T15:16:47+00:00\" \/>\n<meta property=\"og:image\" content=\"https:\/\/www.regeplus.be\/files\/uploads\/2021\/08\/grand_enclos-3-1024x768.jpg\" \/>\n\t<meta property=\"og:image:width\" content=\"1024\" \/>\n\t<meta property=\"og:image:height\" content=\"768\" \/>\n\t<meta property=\"og:image:type\" content=\"image\/jpeg\" \/>\n<meta name=\"author\" content=\"wp_admin\" \/>\n<meta name=\"twitter:card\" content=\"summary_large_image\" \/>\n<meta name=\"twitter:label1\" content=\"\u00c9crit par\" \/>\n\t<meta name=\"twitter:data1\" content=\"wp_admin\" \/>\n\t<meta name=\"twitter:label2\" content=\"Dur\u00e9e de lecture estim\u00e9e\" \/>\n\t<meta name=\"twitter:data2\" content=\"2 minutes\" \/>\n<script type=\"application\/ld+json\" class=\"yoast-schema-graph\">{\"@context\":\"https:\\\/\\\/schema.org\",\"@graph\":[{\"@type\":\"Article\",\"@id\":\"https:\\\/\\\/www.regeplus.be\\\/fr\\\/effect-of-ungulates-on-seedling-height-growth-for-common-forest-species-in-wallonia\\\/#article\",\"isPartOf\":{\"@id\":\"https:\\\/\\\/www.regeplus.be\\\/fr\\\/effect-of-ungulates-on-seedling-height-growth-for-common-forest-species-in-wallonia\\\/\"},\"author\":{\"name\":\"wp_admin\",\"@id\":\"https:\\\/\\\/www.regeplus.be\\\/fr\\\/#\\\/schema\\\/person\\\/4281d7422d0bc23fae744e380f494b2d\"},\"headline\":\"Effet des ongul\u00e9s sur la croissance en hauteur des semis des principales esp\u00e8ces foresti\u00e8res wallonnes\",\"datePublished\":\"2021-08-09T10:45:17+00:00\",\"dateModified\":\"2022-01-13T15:16:47+00:00\",\"mainEntityOfPage\":{\"@id\":\"https:\\\/\\\/www.regeplus.be\\\/fr\\\/effect-of-ungulates-on-seedling-height-growth-for-common-forest-species-in-wallonia\\\/\"},\"wordCount\":494,\"publisher\":{\"@id\":\"https:\\\/\\\/www.regeplus.be\\\/fr\\\/#organization\"},\"image\":{\"@id\":\"https:\\\/\\\/www.regeplus.be\\\/fr\\\/effect-of-ungulates-on-seedling-height-growth-for-common-forest-species-in-wallonia\\\/#primaryimage\"},\"thumbnailUrl\":\"https:\\\/\\\/www.regeplus.be\\\/files\\\/uploads\\\/2021\\\/08\\\/grand_enclos-3.jpg\",\"articleSection\":[\"Blog\"],\"inLanguage\":\"fr-FR\"},{\"@type\":\"WebPage\",\"@id\":\"https:\\\/\\\/www.regeplus.be\\\/fr\\\/effect-of-ungulates-on-seedling-height-growth-for-common-forest-species-in-wallonia\\\/\",\"url\":\"https:\\\/\\\/www.regeplus.be\\\/fr\\\/effect-of-ungulates-on-seedling-height-growth-for-common-forest-species-in-wallonia\\\/\",\"name\":\"Effet des ongul\u00e9s sur la croissance en hauteur des semis des principales esp\u00e8ces foresti\u00e8res wallonnes | REGE+\",\"isPartOf\":{\"@id\":\"https:\\\/\\\/www.regeplus.be\\\/fr\\\/#website\"},\"primaryImageOfPage\":{\"@id\":\"https:\\\/\\\/www.regeplus.be\\\/fr\\\/effect-of-ungulates-on-seedling-height-growth-for-common-forest-species-in-wallonia\\\/#primaryimage\"},\"image\":{\"@id\":\"https:\\\/\\\/www.regeplus.be\\\/fr\\\/effect-of-ungulates-on-seedling-height-growth-for-common-forest-species-in-wallonia\\\/#primaryimage\"},\"thumbnailUrl\":\"https:\\\/\\\/www.regeplus.be\\\/files\\\/uploads\\\/2021\\\/08\\\/grand_enclos-3.jpg\",\"datePublished\":\"2021-08-09T10:45:17+00:00\",\"dateModified\":\"2022-01-13T15:16:47+00:00\",\"breadcrumb\":{\"@id\":\"https:\\\/\\\/www.regeplus.be\\\/fr\\\/effect-of-ungulates-on-seedling-height-growth-for-common-forest-species-in-wallonia\\\/#breadcrumb\"},\"inLanguage\":\"fr-FR\",\"potentialAction\":[{\"@type\":\"ReadAction\",\"target\":[\"https:\\\/\\\/www.regeplus.be\\\/fr\\\/effect-of-ungulates-on-seedling-height-growth-for-common-forest-species-in-wallonia\\\/\"]}]},{\"@type\":\"ImageObject\",\"inLanguage\":\"fr-FR\",\"@id\":\"https:\\\/\\\/www.regeplus.be\\\/fr\\\/effect-of-ungulates-on-seedling-height-growth-for-common-forest-species-in-wallonia\\\/#primaryimage\",\"url\":\"https:\\\/\\\/www.regeplus.be\\\/files\\\/uploads\\\/2021\\\/08\\\/grand_enclos-3.jpg\",\"contentUrl\":\"https:\\\/\\\/www.regeplus.be\\\/files\\\/uploads\\\/2021\\\/08\\\/grand_enclos-3.jpg\",\"width\":4000,\"height\":3000},{\"@type\":\"BreadcrumbList\",\"@id\":\"https:\\\/\\\/www.regeplus.be\\\/fr\\\/effect-of-ungulates-on-seedling-height-growth-for-common-forest-species-in-wallonia\\\/#breadcrumb\",\"itemListElement\":[{\"@type\":\"ListItem\",\"position\":1,\"name\":\"Accueil\",\"item\":\"https:\\\/\\\/www.regeplus.be\\\/fr\\\/\"},{\"@type\":\"ListItem\",\"position\":2,\"name\":\"Effet des ongul\u00e9s sur la croissance en hauteur des semis des principales esp\u00e8ces foresti\u00e8res wallonnes\"}]},{\"@type\":\"WebSite\",\"@id\":\"https:\\\/\\\/www.regeplus.be\\\/fr\\\/#website\",\"url\":\"https:\\\/\\\/www.regeplus.be\\\/fr\\\/\",\"name\":\"REGE+\",\"description\":\"\",\"publisher\":{\"@id\":\"https:\\\/\\\/www.regeplus.be\\\/fr\\\/#organization\"},\"potentialAction\":[{\"@type\":\"SearchAction\",\"target\":{\"@type\":\"EntryPoint\",\"urlTemplate\":\"https:\\\/\\\/www.regeplus.be\\\/fr\\\/?s={search_term_string}\"},\"query-input\":{\"@type\":\"PropertyValueSpecification\",\"valueRequired\":true,\"valueName\":\"search_term_string\"}}],\"inLanguage\":\"fr-FR\"},{\"@type\":\"Organization\",\"@id\":\"https:\\\/\\\/www.regeplus.be\\\/fr\\\/#organization\",\"name\":\"Rege+\",\"url\":\"https:\\\/\\\/www.regeplus.be\\\/fr\\\/\",\"logo\":{\"@type\":\"ImageObject\",\"inLanguage\":\"fr-FR\",\"@id\":\"https:\\\/\\\/www.regeplus.be\\\/fr\\\/#\\\/schema\\\/logo\\\/image\\\/\",\"url\":\"https:\\\/\\\/www.regeplus.be\\\/files\\\/uploads\\\/2021\\\/11\\\/regeplus_logo.png\",\"contentUrl\":\"https:\\\/\\\/www.regeplus.be\\\/files\\\/uploads\\\/2021\\\/11\\\/regeplus_logo.png\",\"width\":2061,\"height\":1555,\"caption\":\"Rege+\"},\"image\":{\"@id\":\"https:\\\/\\\/www.regeplus.be\\\/fr\\\/#\\\/schema\\\/logo\\\/image\\\/\"}},{\"@type\":\"Person\",\"@id\":\"https:\\\/\\\/www.regeplus.be\\\/fr\\\/#\\\/schema\\\/person\\\/4281d7422d0bc23fae744e380f494b2d\",\"name\":\"wp_admin\",\"image\":{\"@type\":\"ImageObject\",\"inLanguage\":\"fr-FR\",\"@id\":\"https:\\\/\\\/secure.gravatar.com\\\/avatar\\\/e23a0571660611e28f5c2f55be0097e523c4f5d2c2d09b5cb4a07f69ac514690?s=96&d=mm&r=g\",\"url\":\"https:\\\/\\\/secure.gravatar.com\\\/avatar\\\/e23a0571660611e28f5c2f55be0097e523c4f5d2c2d09b5cb4a07f69ac514690?s=96&d=mm&r=g\",\"contentUrl\":\"https:\\\/\\\/secure.gravatar.com\\\/avatar\\\/e23a0571660611e28f5c2f55be0097e523c4f5d2c2d09b5cb4a07f69ac514690?s=96&d=mm&r=g\",\"caption\":\"wp_admin\"},\"sameAs\":[\"https:\\\/\\\/www.regeplus.be\"]}]}<\/script>\n<!-- \/ Yoast SEO plugin. -->","yoast_head_json":{"title":"Effet des ongul\u00e9s sur la croissance en hauteur des semis des principales esp\u00e8ces foresti\u00e8res wallonnes | REGE+","robots":{"index":"index","follow":"follow","max-snippet":"max-snippet:-1","max-image-preview":"max-image-preview:large","max-video-preview":"max-video-preview:-1"},"canonical":"https:\/\/www.regeplus.be\/fr\/effect-of-ungulates-on-seedling-height-growth-for-common-forest-species-in-wallonia\/","og_locale":"fr_FR","og_type":"article","og_title":"Effet des ongul\u00e9s sur la croissance en hauteur des semis des principales esp\u00e8ces foresti\u00e8res wallonnes | REGE+","og_description":"[vc_row][vc_column][vc_empty_space height=\u00a0\u00bb50px\u00a0\u00bb][\/vc_column][\/vc_row][vc_row el_class=\u00a0\u00bbpt-2&Prime;][vc_column][vc_custom_heading text=\u00a0\u00bbEffet des ongul\u00e9s sur la croissance en hauteur des semis des principales esp\u00e8ces foresti\u00e8res wallonnes\u00a0\u00bb use_theme_fonts=\u00a0\u00bbyes\u00a0\u00bb el_class=\u00a0\u00bbmb-0&Prime;][vc_separator color=\u00a0\u00bbcustom\u00a0\u00bb el_class=\u00a0\u00bbpt-1&Prime; accent_color=\u00a0\u00bb#689d46&Prime;][\/vc_column][\/vc_row][vc_row][vc_column width=\u00a0\u00bb1\/2&Prime;][vc_single_image image=\u00a0\u00bb3473&Prime; img_size=\u00a0\u00bbfull\u00a0\u00bb][\/vc_column][vc_column width=\u00a0\u00bb1\/2&Prime;][vc_column_text el_class=\u00a0\u00bbmb-0&Prime;]Le graphe ci-contre pr\u00e9sente, pour les principales esp\u00e8ces foresti\u00e8res wallonnes, l\u2019\u00e9volution des hauteurs moyennes des semis mesur\u00e9es au sein des unit\u00e9s d\u2019\u00e9chantillonnage du r\u00e9seau enclos-exclos wallon. Les hauteurs [&hellip;]","og_url":"https:\/\/www.regeplus.be\/fr\/effect-of-ungulates-on-seedling-height-growth-for-common-forest-species-in-wallonia\/","og_site_name":"REGE+","article_published_time":"2021-08-09T10:45:17+00:00","article_modified_time":"2022-01-13T15:16:47+00:00","og_image":[{"width":1024,"height":768,"url":"https:\/\/www.regeplus.be\/files\/uploads\/2021\/08\/grand_enclos-3-1024x768.jpg","type":"image\/jpeg"}],"author":"wp_admin","twitter_card":"summary_large_image","twitter_misc":{"\u00c9crit par":"wp_admin","Dur\u00e9e de lecture estim\u00e9e":"2 minutes"},"schema":{"@context":"https:\/\/schema.org","@graph":[{"@type":"Article","@id":"https:\/\/www.regeplus.be\/fr\/effect-of-ungulates-on-seedling-height-growth-for-common-forest-species-in-wallonia\/#article","isPartOf":{"@id":"https:\/\/www.regeplus.be\/fr\/effect-of-ungulates-on-seedling-height-growth-for-common-forest-species-in-wallonia\/"},"author":{"name":"wp_admin","@id":"https:\/\/www.regeplus.be\/fr\/#\/schema\/person\/4281d7422d0bc23fae744e380f494b2d"},"headline":"Effet des ongul\u00e9s sur la croissance en hauteur des semis des principales esp\u00e8ces foresti\u00e8res wallonnes","datePublished":"2021-08-09T10:45:17+00:00","dateModified":"2022-01-13T15:16:47+00:00","mainEntityOfPage":{"@id":"https:\/\/www.regeplus.be\/fr\/effect-of-ungulates-on-seedling-height-growth-for-common-forest-species-in-wallonia\/"},"wordCount":494,"publisher":{"@id":"https:\/\/www.regeplus.be\/fr\/#organization"},"image":{"@id":"https:\/\/www.regeplus.be\/fr\/effect-of-ungulates-on-seedling-height-growth-for-common-forest-species-in-wallonia\/#primaryimage"},"thumbnailUrl":"https:\/\/www.regeplus.be\/files\/uploads\/2021\/08\/grand_enclos-3.jpg","articleSection":["Blog"],"inLanguage":"fr-FR"},{"@type":"WebPage","@id":"https:\/\/www.regeplus.be\/fr\/effect-of-ungulates-on-seedling-height-growth-for-common-forest-species-in-wallonia\/","url":"https:\/\/www.regeplus.be\/fr\/effect-of-ungulates-on-seedling-height-growth-for-common-forest-species-in-wallonia\/","name":"Effet des ongul\u00e9s sur la croissance en hauteur des semis des principales esp\u00e8ces foresti\u00e8res wallonnes | REGE+","isPartOf":{"@id":"https:\/\/www.regeplus.be\/fr\/#website"},"primaryImageOfPage":{"@id":"https:\/\/www.regeplus.be\/fr\/effect-of-ungulates-on-seedling-height-growth-for-common-forest-species-in-wallonia\/#primaryimage"},"image":{"@id":"https:\/\/www.regeplus.be\/fr\/effect-of-ungulates-on-seedling-height-growth-for-common-forest-species-in-wallonia\/#primaryimage"},"thumbnailUrl":"https:\/\/www.regeplus.be\/files\/uploads\/2021\/08\/grand_enclos-3.jpg","datePublished":"2021-08-09T10:45:17+00:00","dateModified":"2022-01-13T15:16:47+00:00","breadcrumb":{"@id":"https:\/\/www.regeplus.be\/fr\/effect-of-ungulates-on-seedling-height-growth-for-common-forest-species-in-wallonia\/#breadcrumb"},"inLanguage":"fr-FR","potentialAction":[{"@type":"ReadAction","target":["https:\/\/www.regeplus.be\/fr\/effect-of-ungulates-on-seedling-height-growth-for-common-forest-species-in-wallonia\/"]}]},{"@type":"ImageObject","inLanguage":"fr-FR","@id":"https:\/\/www.regeplus.be\/fr\/effect-of-ungulates-on-seedling-height-growth-for-common-forest-species-in-wallonia\/#primaryimage","url":"https:\/\/www.regeplus.be\/files\/uploads\/2021\/08\/grand_enclos-3.jpg","contentUrl":"https:\/\/www.regeplus.be\/files\/uploads\/2021\/08\/grand_enclos-3.jpg","width":4000,"height":3000},{"@type":"BreadcrumbList","@id":"https:\/\/www.regeplus.be\/fr\/effect-of-ungulates-on-seedling-height-growth-for-common-forest-species-in-wallonia\/#breadcrumb","itemListElement":[{"@type":"ListItem","position":1,"name":"Accueil","item":"https:\/\/www.regeplus.be\/fr\/"},{"@type":"ListItem","position":2,"name":"Effet des ongul\u00e9s sur la croissance en hauteur des semis des principales esp\u00e8ces foresti\u00e8res wallonnes"}]},{"@type":"WebSite","@id":"https:\/\/www.regeplus.be\/fr\/#website","url":"https:\/\/www.regeplus.be\/fr\/","name":"REGE+","description":"","publisher":{"@id":"https:\/\/www.regeplus.be\/fr\/#organization"},"potentialAction":[{"@type":"SearchAction","target":{"@type":"EntryPoint","urlTemplate":"https:\/\/www.regeplus.be\/fr\/?s={search_term_string}"},"query-input":{"@type":"PropertyValueSpecification","valueRequired":true,"valueName":"search_term_string"}}],"inLanguage":"fr-FR"},{"@type":"Organization","@id":"https:\/\/www.regeplus.be\/fr\/#organization","name":"Rege+","url":"https:\/\/www.regeplus.be\/fr\/","logo":{"@type":"ImageObject","inLanguage":"fr-FR","@id":"https:\/\/www.regeplus.be\/fr\/#\/schema\/logo\/image\/","url":"https:\/\/www.regeplus.be\/files\/uploads\/2021\/11\/regeplus_logo.png","contentUrl":"https:\/\/www.regeplus.be\/files\/uploads\/2021\/11\/regeplus_logo.png","width":2061,"height":1555,"caption":"Rege+"},"image":{"@id":"https:\/\/www.regeplus.be\/fr\/#\/schema\/logo\/image\/"}},{"@type":"Person","@id":"https:\/\/www.regeplus.be\/fr\/#\/schema\/person\/4281d7422d0bc23fae744e380f494b2d","name":"wp_admin","image":{"@type":"ImageObject","inLanguage":"fr-FR","@id":"https:\/\/secure.gravatar.com\/avatar\/e23a0571660611e28f5c2f55be0097e523c4f5d2c2d09b5cb4a07f69ac514690?s=96&d=mm&r=g","url":"https:\/\/secure.gravatar.com\/avatar\/e23a0571660611e28f5c2f55be0097e523c4f5d2c2d09b5cb4a07f69ac514690?s=96&d=mm&r=g","contentUrl":"https:\/\/secure.gravatar.com\/avatar\/e23a0571660611e28f5c2f55be0097e523c4f5d2c2d09b5cb4a07f69ac514690?s=96&d=mm&r=g","caption":"wp_admin"},"sameAs":["https:\/\/www.regeplus.be"]}]}},"_links":{"self":[{"href":"https:\/\/www.regeplus.be\/fr\/wp-json\/wp\/v2\/posts\/942","targetHints":{"allow":["GET"]}}],"collection":[{"href":"https:\/\/www.regeplus.be\/fr\/wp-json\/wp\/v2\/posts"}],"about":[{"href":"https:\/\/www.regeplus.be\/fr\/wp-json\/wp\/v2\/types\/post"}],"author":[{"embeddable":true,"href":"https:\/\/www.regeplus.be\/fr\/wp-json\/wp\/v2\/users\/1"}],"replies":[{"embeddable":true,"href":"https:\/\/www.regeplus.be\/fr\/wp-json\/wp\/v2\/comments?post=942"}],"version-history":[{"count":5,"href":"https:\/\/www.regeplus.be\/fr\/wp-json\/wp\/v2\/posts\/942\/revisions"}],"predecessor-version":[{"id":4453,"href":"https:\/\/www.regeplus.be\/fr\/wp-json\/wp\/v2\/posts\/942\/revisions\/4453"}],"wp:featuredmedia":[{"embeddable":true,"href":"https:\/\/www.regeplus.be\/fr\/wp-json\/wp\/v2\/media\/808"}],"wp:attachment":[{"href":"https:\/\/www.regeplus.be\/fr\/wp-json\/wp\/v2\/media?parent=942"}],"wp:term":[{"taxonomy":"category","embeddable":true,"href":"https:\/\/www.regeplus.be\/fr\/wp-json\/wp\/v2\/categories?post=942"},{"taxonomy":"post_tag","embeddable":true,"href":"https:\/\/www.regeplus.be\/fr\/wp-json\/wp\/v2\/tags?post=942"}],"curies":[{"name":"wp","href":"https:\/\/api.w.org\/{rel}","templated":true}]}}